{"id":18,"date":"2021-08-24T17:14:47","date_gmt":"2021-08-24T17:14:47","guid":{"rendered":"http:\/\/raphaellef5.sg-host.com\/?p=18"},"modified":"2021-11-07T00:13:44","modified_gmt":"2021-11-07T00:13:44","slug":"the-athlete-excellence-foundation-congratulates-its-15-scholarship-recipients-who-have-qualified-for-the-tokyo-paralympic-games","status":"publish","type":"post","link":"https:\/\/fondationaleo.ca\/en\/la-fondation-de-lathlete-dexcellence-encourage-ses-15-boursiers-et-boursieres-qualifie-e-s-pour-les-jeux-paralympiques-de-tokyo\/","title":{"rendered":"The Athletes' Excellence Foundation encourages its 15 scholarship athletes qualified for the Tokyo Paralympic Games."},"content":{"rendered":"<div class=\"col-md-8\">\n<div class=\"content\" data-wp-editing=\"1\">\n<p><strong>Montreal, Tuesday, August 24, 2021 \u2013<\/strong> The Fondation de l'athl\u00e8te d'excellence would like to highlight the hard work, exemplary perseverance, and inspiring resilience of <strong>15<\/strong> of its male and female scholarship holders who will take part in the Tokyo Paralympic Games which begin today.<\/p>\n<p>This list of 15 recipients includes 10 female scholarship holders and 5 male scholarship holders who are or have been supported by the FAEQ and its various scholarship programs and valued partners on one or more occasions over the years. Among them is Loto-Qu\u00e9bec, which has contributed to the FAEQ for over 20 years and plays a leading role in supporting athletes who practice a Paralympic sport, thanks to its scholarship program dedicated exclusively to athletes with a physical or sensory limitation.<\/p>\n<p>\u00abParalympians often have a journey strewn with pitfalls, adversity, and multiple small or large challenges related to their physical or sensory limitations. In addition to pursuing their studies, many are already in the workforce, and some have even become parents in recent years. Balancing their training, employment, and family life is a true tour de force. We are proud and impressed by their journey and wish them to perform to the level of their dedication and discipline, while savoring every moment of the Paralympic Games.<\/p>\n<p align=\"right\"><strong>Patricia Demers, Executive Director of the FAEQ<\/strong><\/p>\n<p>Despite the pandemic of the last 16 months, the FAEQ is pleased to be able to confirm that in 2020 and 2021, it will have awarded as many scholarships as in past years\u2014namely $1.5 million in individual scholarships to nearly 525 student-athletes from across Quebec, among young people participating in an Olympic, Paralympic, or RSEQ sport.<\/p>\n<p align=\"center\"><strong>Table of the 15 FAEQ scholarship holders qualified for the Tokyo Olympic Games<\/strong><\/p>\n<div align=\"center\">\n<table border=\"0\" width=\"633\" cellspacing=\"0\" cellpadding=\"0\">\n<tbody>\n<tr>\n<td valign=\"bottom\" width=\"141\"><strong>First name and last name<\/strong><\/td>\n<td valign=\"bottom\" width=\"243\"><strong>Sport and event(s)<\/strong><\/td>\n<td valign=\"bottom\" width=\"69\">\n<p align=\"center\"><strong>Number of FAEQ scholarship(s)<\/strong><\/p>\n<\/td>\n<td valign=\"bottom\" width=\"180\"><strong>Partner(s) or scholarship program(s)<\/strong><\/td>\n<\/tr>\n<tr>\n<td valign=\"bottom\" width=\"141\"><\/td>\n<td valign=\"bottom\" width=\"243\"><\/td>\n<td valign=\"bottom\" width=\"69\"><\/td>\n<td valign=\"bottom\" width=\"180\"><\/td>\n<\/tr>\n<tr>\n<td valign=\"bottom\" width=\"141\"><strong>Sandrine B\u00e9rub\u00e9<\/strong><\/td>\n<td valign=\"bottom\" width=\"243\">Wheelchair basketball<\/td>\n<td valign=\"bottom\" width=\"69\">\n<p align=\"center\">5<\/p>\n<\/td>\n<td valign=\"bottom\" width=\"180\">Loto-Qu\u00e9bec<\/td>\n<\/tr>\n<tr>\n<td valign=\"bottom\" width=\"141\"><strong>Vincent Dallaire<\/strong><\/td>\n<td valign=\"bottom\" width=\"243\">Wheelchair basketball<\/td>\n<td valign=\"bottom\" width=\"69\">\n<p align=\"center\">1<\/p>\n<\/td>\n<td valign=\"bottom\" width=\"180\">Loto-Qu\u00e9bec<\/td>\n<\/tr>\n<tr>\n<td valign=\"bottom\" width=\"141\"><strong>Rosalie Lalonde<\/strong><\/td>\n<td valign=\"bottom\" width=\"243\">Wheelchair basketball<\/td>\n<td valign=\"bottom\" width=\"69\">\n<p align=\"center\">8<\/p>\n<\/td>\n<td valign=\"bottom\" width=\"180\">Alcoa Canada<\/p>\n<p>Loto-Qu\u00e9bec<\/td>\n<\/tr>\n<\/tbody>\n<\/table>\n<\/div>\n<p>&nbsp;<\/p>\n<div align=\"center\">\n<table border=\"0\" width=\"633\" cellspacing=\"0\" cellpadding=\"0\">\n<tbody>\n<tr>\n<td valign=\"bottom\" width=\"141\"><strong>Cindy Ouellet<\/strong><\/td>\n<td valign=\"bottom\" width=\"243\">Wheelchair basketball<\/td>\n<td valign=\"bottom\" width=\"69\">\n<p align=\"center\">10<\/p>\n<\/td>\n<td valign=\"bottom\" width=\"180\">National Bank<\/p>\n<p>Corus<\/p>\n<p>The Capital<\/p>\n<p>Loto-Qu\u00e9bec<\/td>\n<\/tr>\n<tr>\n<td valign=\"bottom\" width=\"141\"><strong>Elodie Tessier<\/strong><\/td>\n<td valign=\"bottom\" width=\"243\">Wheelchair basketball<\/td>\n<td valign=\"bottom\" width=\"69\">\n<p align=\"center\">9<\/p>\n<\/td>\n<td valign=\"bottom\" width=\"180\">Cascades<\/p>\n<p>Hydro-Qu\u00e9bec<\/td>\n<\/tr>\n<tr>\n<td valign=\"bottom\" width=\"141\"><strong>Jonathan Vermette<\/strong><\/td>\n<td valign=\"bottom\" width=\"243\">Wheelchair basketball<\/td>\n<td valign=\"bottom\" width=\"69\">\n<p align=\"center\">3<\/p>\n<\/td>\n<td valign=\"bottom\" width=\"180\">Loto-Qu\u00e9bec<\/td>\n<\/tr>\n<tr>\n<td valign=\"bottom\" width=\"141\"><strong>Marco Dispaltro<\/strong><\/td>\n<td valign=\"bottom\" width=\"243\">Bocce<\/td>\n<td valign=\"bottom\" width=\"69\">\n<p align=\"center\">1<\/p>\n<\/td>\n<td valign=\"bottom\" width=\"180\">Loto-Qu\u00e9bec<\/td>\n<\/tr>\n<tr>\n<td valign=\"bottom\" width=\"141\"><strong>Alison Levine<\/strong><\/td>\n<td valign=\"bottom\" width=\"243\">Bocce<\/td>\n<td valign=\"bottom\" width=\"69\">\n<p align=\"center\">2<\/p>\n<\/td>\n<td valign=\"bottom\" width=\"180\">Loto-Qu\u00e9bec<\/td>\n<\/tr>\n<tr>\n<td valign=\"bottom\" width=\"141\"><strong>Guillaume Ouellet<\/strong><\/td>\n<td valign=\"bottom\" width=\"243\">Paralympic athletics<\/td>\n<td valign=\"bottom\" width=\"69\">\n<p align=\"center\">1<\/p>\n<\/td>\n<td valign=\"bottom\" width=\"180\">Loto-Qu\u00e9bec<\/td>\n<\/tr>\n<tr>\n<td valign=\"bottom\" width=\"141\"><strong>Marie-Eve Croteau<\/strong><\/td>\n<td valign=\"bottom\" width=\"243\">Paracyclists<\/td>\n<td valign=\"bottom\" width=\"69\">\n<p align=\"center\">1<\/p>\n<\/td>\n<td valign=\"bottom\" width=\"180\">Loto-Qu\u00e9bec<\/td>\n<\/tr>\n<tr>\n<td valign=\"bottom\" width=\"141\"><strong>Charles Moreau<\/strong><\/td>\n<td valign=\"bottom\" width=\"243\">Paracyclists<\/td>\n<td valign=\"bottom\" width=\"69\">\n<p align=\"center\">6<\/p>\n<\/td>\n<td valign=\"bottom\" width=\"180\">Loto-Qu\u00e9bec<\/td>\n<\/tr>\n<tr>\n<td valign=\"bottom\" width=\"141\"><strong>Sabrina Duchesne<\/strong><\/td>\n<td valign=\"bottom\" width=\"243\">Paranatation<\/td>\n<td valign=\"bottom\" width=\"69\">\n<p align=\"center\">5<\/p>\n<\/td>\n<td valign=\"bottom\" width=\"180\">Founders Foundation of Quebec<\/td>\n<\/tr>\n<tr>\n<td valign=\"bottom\" width=\"141\"><strong>Aur\u00e9lie Rivard<\/strong><\/td>\n<td valign=\"bottom\" width=\"243\">Paranatation<\/td>\n<td valign=\"bottom\" width=\"69\">\n<p align=\"center\">8<\/p>\n<\/td>\n<td valign=\"bottom\" width=\"180\">National Bank<\/td>\n<\/tr>\n<tr>\n<td valign=\"bottom\" width=\"141\"><strong>Nicolas-Guy Turbide<\/strong><\/td>\n<td valign=\"bottom\" width=\"243\">Paranatation<\/td>\n<td valign=\"bottom\" width=\"69\">\n<p align=\"center\">5<\/p>\n<\/td>\n<td valign=\"bottom\" width=\"180\">Blue Bridge<\/p>\n<p>MTY Group<\/p>\n<p>Loto-Qu\u00e9bec<\/td>\n<\/tr>\n<tr>\n<td valign=\"bottom\" width=\"141\"><strong>Lyne Tremblay<\/strong><\/td>\n<td valign=\"bottom\" width=\"243\">Paratir<\/td>\n<td valign=\"bottom\" width=\"69\">\n<p align=\"center\">1<\/p>\n<\/td>\n<td valign=\"bottom\" width=\"180\">Loto-Qu\u00e9bec<\/td>\n<\/tr>\n<tr>\n<td valign=\"bottom\" width=\"141\"><strong>Marianne Hogan<\/strong><\/p>\n<p><strong>(guide Jessica Tuomela)<\/strong><\/td>\n<td valign=\"bottom\" width=\"243\">Paratriathlon<\/td>\n<td valign=\"bottom\" width=\"69\">\n<p align=\"center\">3<\/p>\n<\/td>\n<td valign=\"bottom\" width=\"180\">Cascades<\/td>\n<\/tr>\n<\/tbody>\n<\/table>\n<\/div>\n<p>&nbsp;<\/p>\n<p><a href=\"https:\/\/fondationaleo.ca\/en\/Uploads\/Classeur1.pdf\/\">\/Uploads\/Classeur1.pdf<\/a><\/p>\n<\/div>\n<\/div>\n<div class=\"col-md-4\">\n\n\t\t<style>\n\t\t\t#gallery-1 {\n\t\t\t\tmargin: auto;\n\t\t\t}\n\t\t\t#gallery-1 .gallery-item {\n\t\t\t\tfloat: left;\n\t\t\t\tmargin-top: 10px;\n\t\t\t\ttext-align: center;\n\t\t\t\twidth: 33%;\n\t\t\t}\n\t\t\t#gallery-1 img {\n\t\t\t\tborder: 2px solid #cfcfcf;\n\t\t\t}\n\t\t\t#gallery-1 .gallery-caption {\n\t\t\t\tmargin-left: 0;\n\t\t\t}\n\t\t\t\/* see gallery_shortcode() in wp-includes\/media.php *\/\n\t\t<\/style>\n\t\t<div id='gallery-1' class='gallery galleryid-18 gallery-columns-3 gallery-size-medium'><dl class='gallery-item'>\n\t\t\t<dt class='gallery-icon portrait'>\n\t\t\t\t<a href='https:\/\/fondationaleo.ca\/en\/la-fondation-de-lathlete-dexcellence-encourage-ses-15-boursiers-et-boursieres-qualifie-e-s-pour-les-jeux-paralympiques-de-tokyo\/alison_levine__1333x2000_-2\/'><img loading=\"lazy\" decoding=\"async\" width=\"200\" height=\"300\" src=\"https:\/\/fondationaleo.ca\/wp-content\/uploads\/2021\/08\/Alison_Levine__1333x2000_-1-200x300.jpg\" class=\"attachment-medium size-medium\" alt=\"\" \/><\/a>\n\t\t\t<\/dt><\/dl><dl class='gallery-item'>\n\t\t\t<dt class='gallery-icon landscape'>\n\t\t\t\t<a href='https:\/\/fondationaleo.ca\/en\/la-fondation-de-lathlete-dexcellence-encourage-ses-15-boursiers-et-boursieres-qualifie-e-s-pour-les-jeux-paralympiques-de-tokyo\/aurelie_rivard_breast_1-2\/'><img loading=\"lazy\" decoding=\"async\" width=\"300\" height=\"199\" src=\"https:\/\/fondationaleo.ca\/wp-content\/uploads\/2021\/08\/Aurelie_Rivard_breast_1-1-300x199.jpg\" class=\"attachment-medium size-medium\" alt=\"\" \/><\/a>\n\t\t\t<\/dt><\/dl><dl class='gallery-item'>\n\t\t\t<dt class='gallery-icon landscape'>\n\t\t\t\t<a href='https:\/\/fondationaleo.ca\/en\/la-fondation-de-lathlete-dexcellence-encourage-ses-15-boursiers-et-boursieres-qualifie-e-s-pour-les-jeux-paralympiques-de-tokyo\/charles_moreau-2\/'><img loading=\"lazy\" decoding=\"async\" width=\"300\" height=\"200\" src=\"https:\/\/fondationaleo.ca\/wp-content\/uploads\/2021\/08\/charles_moreau-1-300x200.jpg\" class=\"attachment-medium size-medium\" alt=\"\" \/><\/a>\n\t\t\t<\/dt><\/dl><br style=\"clear: both\" \/><dl class='gallery-item'>\n\t\t\t<dt class='gallery-icon portrait'>\n\t\t\t\t<a href='https:\/\/fondationaleo.ca\/en\/la-fondation-de-lathlete-dexcellence-encourage-ses-15-boursiers-et-boursieres-qualifie-e-s-pour-les-jeux-paralympiques-de-tokyo\/cindy_ouellet-3\/'><img loading=\"lazy\" decoding=\"async\" width=\"212\" height=\"300\" src=\"https:\/\/fondationaleo.ca\/wp-content\/uploads\/2021\/08\/Cindy_Ouellet-2-212x300.jpg\" class=\"attachment-medium size-medium\" alt=\"\" srcset=\"https:\/\/fondationaleo.ca\/wp-content\/uploads\/2021\/08\/Cindy_Ouellet-2-212x300.jpg 212w, https:\/\/fondationaleo.ca\/wp-content\/uploads\/2021\/08\/Cindy_Ouellet-2-724x1024.jpg 724w, https:\/\/fondationaleo.ca\/wp-content\/uploads\/2021\/08\/Cindy_Ouellet-2-768x1086.jpg 768w, https:\/\/fondationaleo.ca\/wp-content\/uploads\/2021\/08\/Cindy_Ouellet-2-1087x1536.jpg 1087w, https:\/\/fondationaleo.ca\/wp-content\/uploads\/2021\/08\/Cindy_Ouellet-2-1449x2048.jpg 1449w, https:\/\/fondationaleo.ca\/wp-content\/uploads\/2021\/08\/Cindy_Ouellet-2-1080x1527.jpg 1080w, https:\/\/fondationaleo.ca\/wp-content\/uploads\/2021\/08\/Cindy_Ouellet-2-1280x1809.jpg 1280w, https:\/\/fondationaleo.ca\/wp-content\/uploads\/2021\/08\/Cindy_Ouellet-2-980x1385.jpg 980w, https:\/\/fondationaleo.ca\/wp-content\/uploads\/2021\/08\/Cindy_Ouellet-2-480x679.jpg 480w, https:\/\/fondationaleo.ca\/wp-content\/uploads\/2021\/08\/Cindy_Ouellet-2-scaled.jpg 1811w\" sizes=\"(max-width: 212px) 100vw, 212px\" \/><\/a>\n\t\t\t<\/dt><\/dl><dl class='gallery-item'>\n\t\t\t<dt class='gallery-icon landscape'>\n\t\t\t\t<a href='https:\/\/fondationaleo.ca\/en\/la-fondation-de-lathlete-dexcellence-encourage-ses-15-boursiers-et-boursieres-qualifie-e-s-pour-les-jeux-paralympiques-de-tokyo\/elodie-tessier-1-4\/'><img loading=\"lazy\" decoding=\"async\" width=\"300\" height=\"281\" src=\"https:\/\/fondationaleo.ca\/wp-content\/uploads\/2021\/08\/elodie.tessier.1-3-300x281.jpg\" class=\"attachment-medium size-medium\" alt=\"\" \/><\/a>\n\t\t\t<\/dt><\/dl><dl class='gallery-item'>\n\t\t\t<dt class='gallery-icon landscape'>\n\t\t\t\t<a href='https:\/\/fondationaleo.ca\/en\/la-fondation-de-lathlete-dexcellence-encourage-ses-15-boursiers-et-boursieres-qualifie-e-s-pour-les-jeux-paralympiques-de-tokyo\/lyne_tremblay1-2\/'><img loading=\"lazy\" decoding=\"async\" width=\"300\" height=\"210\" src=\"https:\/\/fondationaleo.ca\/wp-content\/uploads\/2021\/08\/Lyne_Tremblay1-1-300x210.jpg\" class=\"attachment-medium size-medium\" alt=\"\" srcset=\"https:\/\/fondationaleo.ca\/wp-content\/uploads\/2021\/08\/Lyne_Tremblay1-1-300x210.jpg 300w, https:\/\/fondationaleo.ca\/wp-content\/uploads\/2021\/08\/Lyne_Tremblay1-1-1024x715.jpg 1024w, https:\/\/fondationaleo.ca\/wp-content\/uploads\/2021\/08\/Lyne_Tremblay1-1-768x536.jpg 768w, https:\/\/fondationaleo.ca\/wp-content\/uploads\/2021\/08\/Lyne_Tremblay1-1-1536x1073.jpg 1536w, https:\/\/fondationaleo.ca\/wp-content\/uploads\/2021\/08\/Lyne_Tremblay1-1-2048x1430.jpg 2048w, https:\/\/fondationaleo.ca\/wp-content\/uploads\/2021\/08\/Lyne_Tremblay1-1-1080x754.jpg 1080w, https:\/\/fondationaleo.ca\/wp-content\/uploads\/2021\/08\/Lyne_Tremblay1-1-1280x894.jpg 1280w, https:\/\/fondationaleo.ca\/wp-content\/uploads\/2021\/08\/Lyne_Tremblay1-1-980x684.jpg 980w, https:\/\/fondationaleo.ca\/wp-content\/uploads\/2021\/08\/Lyne_Tremblay1-1-480x335.jpg 480w\" sizes=\"(max-width: 300px) 100vw, 300px\" \/><\/a>\n\t\t\t<\/dt><\/dl><br style=\"clear: both\" \/><dl class='gallery-item'>\n\t\t\t<dt class='gallery-icon landscape'>\n\t\t\t\t<a href='https:\/\/fondationaleo.ca\/en\/la-fondation-de-lathlete-dexcellence-encourage-ses-15-boursiers-et-boursieres-qualifie-e-s-pour-les-jeux-paralympiques-de-tokyo\/marie___ve_croteau__1_-2\/'><img loading=\"lazy\" decoding=\"async\" width=\"300\" height=\"200\" src=\"https:\/\/fondationaleo.ca\/wp-content\/uploads\/2021\/08\/Marie___ve_Croteau__1_-2-300x200.jpg\" class=\"attachment-medium size-medium\" alt=\"\" \/><\/a>\n\t\t\t<\/dt><\/dl><dl class='gallery-item'>\n\t\t\t<dt class='gallery-icon landscape'>\n\t\t\t\t<a href='https:\/\/fondationaleo.ca\/en\/la-fondation-de-lathlete-dexcellence-encourage-ses-15-boursiers-et-boursieres-qualifie-e-s-pour-les-jeux-paralympiques-de-tokyo\/nicolas_guy_turbide-3\/'><img loading=\"lazy\" decoding=\"async\" width=\"300\" height=\"200\" src=\"https:\/\/fondationaleo.ca\/wp-content\/uploads\/2021\/08\/nicolas_guy_turbide-2-300x200.jpg\" class=\"attachment-medium size-medium\" alt=\"\" \/><\/a>\n\t\t\t<\/dt><\/dl>\n\t\t\t<br style='clear: both' \/>\n\t\t<\/div>\n\n<\/div>","protected":false},"excerpt":{"rendered":"<p>Montr\u00e9al, mardi 24 ao\u00fbt 2021 \u2013 La Fondation de l\u2019athl\u00e8te d\u2019excellence tient \u00e0 souligner le travail acharn\u00e9, la pers\u00e9v\u00e9rance exemplaire et la r\u00e9silience inspirante de 15 de ses boursiers et boursi\u00e8res qui prendront part aux Jeux paralympiques de Tokyo qui d\u00e9butent aujourd\u2019hui m\u00eame. Cette liste de 15 r\u00e9cipiendaires comprend 10 boursi\u00e8res et 5 boursiers qui [&hellip;]<\/p>\n","protected":false},"author":3,"featured_media":2043,"comment_status":"closed","ping_status":"closed","sticky":false,"template":"","format":"standard","meta":{"_et_pb_use_builder":"off","_et_pb_old_content":"","_et_gb_content_width":"","inline_featured_image":false,"footnotes":""},"categories":[3],"tags":[],"class_list":["post-18","post","type-post","status-publish","format-standard","has-post-thumbnail","hentry","category-nouvelles-de-la-faeq"],"_links":{"self":[{"href":"https:\/\/fondationaleo.ca\/en\/wp-json\/wp\/v2\/posts\/18","targetHints":{"allow":["GET"]}}],"collection":[{"href":"https:\/\/fondationaleo.ca\/en\/wp-json\/wp\/v2\/posts"}],"about":[{"href":"https:\/\/fondationaleo.ca\/en\/wp-json\/wp\/v2\/types\/post"}],"author":[{"embeddable":true,"href":"https:\/\/fondationaleo.ca\/en\/wp-json\/wp\/v2\/users\/3"}],"replies":[{"embeddable":true,"href":"https:\/\/fondationaleo.ca\/en\/wp-json\/wp\/v2\/comments?post=18"}],"version-history":[{"count":0,"href":"https:\/\/fondationaleo.ca\/en\/wp-json\/wp\/v2\/posts\/18\/revisions"}],"wp:featuredmedia":[{"embeddable":true,"href":"https:\/\/fondationaleo.ca\/en\/wp-json\/wp\/v2\/media\/2043"}],"wp:attachment":[{"href":"https:\/\/fondationaleo.ca\/en\/wp-json\/wp\/v2\/media?parent=18"}],"wp:term":[{"taxonomy":"category","embeddable":true,"href":"https:\/\/fondationaleo.ca\/en\/wp-json\/wp\/v2\/categories?post=18"},{"taxonomy":"post_tag","embeddable":true,"href":"https:\/\/fondationaleo.ca\/en\/wp-json\/wp\/v2\/tags?post=18"}],"curies":[{"name":"WP","href":"https:\/\/api.w.org\/{rel}","templated":true}]}}