{"id":198,"date":"2020-11-24T19:48:01","date_gmt":"2020-11-24T19:48:01","guid":{"rendered":"http:\/\/raphaellef5.sg-host.com\/?p=198"},"modified":"2021-09-13T19:04:23","modified_gmt":"2021-09-13T19:04:23","slug":"the-808-bonneville-challenge-2020-raises-500000-for-the-athlete-excellence-foundation-and-our-leaders-of-tomorrow","status":"publish","type":"post","link":"https:\/\/fondationaleo.ca\/en\/le-defi-808-bonneville-2020-amasse-500-000-au-profit-de-la-fondation-de-lathlete-dexcellence-et-nos-leaders-de-demain\/","title":{"rendered":"The 2020 Bonneville Challenge 808 raises $500,000 $ for the Foundation for Athletic Excellence and our leaders of tomorrow"},"content":{"rendered":"<div class=\"col-md-8\">\n<div class=\"content\">\n<div><strong>Montreal, November 24, 2020<\/strong> \u2013 Thanks to the generosity and commitment of the participants and partners of the 2020 Bonneville 808 Challenge, the Quebec Foundation for Athletic Excellence (FAEQ) is pleased to announce that 500,000 $ was raised during the 4th edition. Presented by Fenplast and Lowe\u2019s Canada in collaboration with Samson Groupe Conseil\/Lussier Dale Parizeau, the event took place over two days, September 18 and 19, in Mont-Tremblant. Cyclists of all ages and skill levels were able to take on a personal challenge by cycling a distance between 100 km and 808 km on one of the routes of this unique 404-km loop, all to benefit the FAEQ.<\/div>\n<div><\/div>\n<div>In these special times of pandemic, the organizing committee has worked extra hard to put in place an event that complies with the health measures dictated by Public Health in order to offer participants a safe, supervised, and memorable event.<\/div>\n<div><\/div>\n<div><strong>What they said:<\/strong><\/div>\n<div><\/div>\n<div>\u00abThis 4th edition was once again the setting for several lessons of courage and perseverance on the part of our participants, who managed to dig deep within themselves to achieve their challenge, whether 100 km or 808 km. At every edition for the past four years, I have been deeply moved by the stories of people who are astonished by their own inner strength and who realize, throughout their journey, that they are more tenacious than they thought. I am happy to have crossed the finish line of the 808 km solo after 35 hours and 16 minutes without sleeping while the nighttime temperature hovered around -5\u00baC. Congratulations and thank you to all our participants and partners for your dedication and kindness.\u00bb<\/div>\n<div><\/div>\n<div><strong>\u2013 Dany Bonneville, President and Founder of the D\u00e9fi 808 Bonneville\u00a0<\/strong><\/div>\n<div><\/div>\n<div>\u00abI was thrilled to participate in the D\u00e9fi 808 Bonneville and to discover such a professional, passionate, and rigorous organization in the execution of this cycling event, which was both safe and inspiring. Last year, I discovered the Fondation de l'athl\u00e8te d'excellence and was struck by their mission, vision, scholarship programs, and support services. The D\u00e9fi 808 Bonneville successfully brought together cycling enthusiasts and raised awareness about the importance of supporting our young student-athletes in their academic, athletic, and career transition journeys. Together, we pedaled for the leaders of tomorrow!\u00bb<\/div>\n<div><\/div>\n<div><strong>\u2013 Pierre Lavoie, 2020 Ambassador of the D\u00e9fi 808 Bonneville<\/strong><\/div>\n<div><\/div>\n<div>\u00abI am pleased to have been able to attend this 4th edition of the D\u00e9fi 808 Bonneville, which was organized with a high priority placed on compliance with health and social distancing rules. The participants easily adapted to a new way of doing things, for example, by starting in groups of only 10 on a spaced-out starting line. The 2020 edition was very important for the FAEQ from a fundraising perspective for our student-athletes. In these uncertain times, our scholarship recipients need guidance more than ever in balancing their sport and their studies as they proactively prepare for their post-athletic careers.\u00bb<\/div>\n<div><\/div>\n<div><strong>\u2013 Claude Chagnon, President of the Foundation for Athletic Excellence<\/strong><\/div>\n<div><span style=\"font-family: Poppins;\">\u00a0<\/span><\/div>\n<div><strong>Scholarship holders and Olympians\/Paralympians involved<\/strong><\/div>\n<div><\/div>\n<div>The participants of the 2020 edition were able to share the road with about thirty FAEQ scholarship holders including <strong>F\u00e9lix Bertrand<\/strong> (mogul skiing) \/ 404 km in 24h, <strong>Simone Boilard <\/strong>(cycling) and <strong>Luce Bourbeau<\/strong> (rowing) \/ 808 km in a team of 2, <strong>Jean-Marc Chouinard<\/strong> (fencing)\/115 km, <strong>Manon Jutras<\/strong>(cycling) \/ combo 240 km, <strong>Am\u00e9lie Kretz<\/strong> (triathlon) \/ 115 km, <strong>Caroline Ouellette<\/strong> (hockey)\/115 km, <strong>Annie Pelletier<\/strong> (dive)\/202 km in a 2-person team, <strong>Adam Roberge<\/strong> (cycling) new record for 404 km in 24h and <strong>Maximilien Van Haaster<\/strong> (fencing)\/115 km. <strong>Benoit Huot<\/strong>, <strong>Roseline Filion<\/strong>, <strong>Joannie Rochette<\/strong> and <strong>Bruny Surin<\/strong> have meanwhile welcomed and posed, two meters away, with the cyclists who were proudly crossing the finish line or on the podium.<\/div>\n<div><\/div>\n<div><\/div>\n<div><strong>About the Bonneville 808 Challenge<\/strong><\/div>\n<div>The Bonneville 808 Challenge, benefiting the FAEQ, stands out for its unique 404 km loop, with the Tremblant resort as its central point, where cyclists of all levels take on a challenge ranging from 100 km to 808 km, solo or in teams of two or four, which includes the two very popular 115 km and 125 km loops to be ridden solo. For more details:<\/div>\n<div><a href=\"https:\/\/fondationaleo.ca\/en\/defi808bonneville.com\/\">defi808bonneville.com\u00a0<\/a><\/div>\n<div>\n\n\t\t<style>\n\t\t\t#gallery-1 {\n\t\t\t\tmargin: auto;\n\t\t\t}\n\t\t\t#gallery-1 .gallery-item {\n\t\t\t\tfloat: left;\n\t\t\t\tmargin-top: 10px;\n\t\t\t\ttext-align: center;\n\t\t\t\twidth: 33%;\n\t\t\t}\n\t\t\t#gallery-1 img {\n\t\t\t\tborder: 2px solid #cfcfcf;\n\t\t\t}\n\t\t\t#gallery-1 .gallery-caption {\n\t\t\t\tmargin-left: 0;\n\t\t\t}\n\t\t\t\/* see gallery_shortcode() in wp-includes\/media.php *\/\n\t\t<\/style>\n\t\t<div id='gallery-1' class='gallery galleryid-198 gallery-columns-3 gallery-size-medium'><dl class='gallery-item'>\n\t\t\t<dt class='gallery-icon landscape'>\n\t\t\t\t<a href='https:\/\/fondationaleo.ca\/en\/le-defi-808-bonneville-2020-amasse-500-000-au-profit-de-la-fondation-de-lathlete-dexcellence-et-nos-leaders-de-demain\/20200918_jf4_3818__jf_leclerc_m__dia-2\/'><img loading=\"lazy\" decoding=\"async\" width=\"300\" height=\"200\" src=\"https:\/\/fondationaleo.ca\/wp-content\/uploads\/2020\/11\/20200918_JF4_3818__JF_LECLERC_M__dia-300x200.jpg\" class=\"attachment-medium size-medium\" alt=\"\" \/><\/a>\n\t\t\t<\/dt><\/dl><dl class='gallery-item'>\n\t\t\t<dt class='gallery-icon landscape'>\n\t\t\t\t<a href='https:\/\/fondationaleo.ca\/en\/le-defi-808-bonneville-2020-amasse-500-000-au-profit-de-la-fondation-de-lathlete-dexcellence-et-nos-leaders-de-demain\/20200918_jf6_0930__jf_leclerc-2\/'><img loading=\"lazy\" decoding=\"async\" width=\"300\" height=\"200\" src=\"https:\/\/fondationaleo.ca\/wp-content\/uploads\/2020\/11\/20200918_JF6_0930__JF_LECLERC-300x200.jpg\" class=\"attachment-medium size-medium\" alt=\"\" \/><\/a>\n\t\t\t<\/dt><\/dl><dl class='gallery-item'>\n\t\t\t<dt class='gallery-icon landscape'>\n\t\t\t\t<a href='https:\/\/fondationaleo.ca\/en\/le-defi-808-bonneville-2020-amasse-500-000-au-profit-de-la-fondation-de-lathlete-dexcellence-et-nos-leaders-de-demain\/20200919_jf6_1878__jf_leclerc-2\/'><img loading=\"lazy\" decoding=\"async\" width=\"300\" height=\"200\" src=\"https:\/\/fondationaleo.ca\/wp-content\/uploads\/2020\/11\/20200919_JF6_1878__JF_LECLERC-300x200.jpg\" class=\"attachment-medium size-medium\" alt=\"\" \/><\/a>\n\t\t\t<\/dt><\/dl><br style=\"clear: both\" \/><dl class='gallery-item'>\n\t\t\t<dt class='gallery-icon landscape'>\n\t\t\t\t<a href='https:\/\/fondationaleo.ca\/en\/le-defi-808-bonneville-2020-amasse-500-000-au-profit-de-la-fondation-de-lathlete-dexcellence-et-nos-leaders-de-demain\/20200919_jf6_2564__jf_leclerc-2\/'><img loading=\"lazy\" decoding=\"async\" width=\"300\" height=\"200\" src=\"https:\/\/fondationaleo.ca\/wp-content\/uploads\/2020\/11\/20200919_JF6_2564__JF_LECLERC-300x200.jpg\" class=\"attachment-medium size-medium\" alt=\"\" \/><\/a>\n\t\t\t<\/dt><\/dl><dl class='gallery-item'>\n\t\t\t<dt class='gallery-icon landscape'>\n\t\t\t\t<a href='https:\/\/fondationaleo.ca\/en\/le-defi-808-bonneville-2020-amasse-500-000-au-profit-de-la-fondation-de-lathlete-dexcellence-et-nos-leaders-de-demain\/defi808_hr_1943-2\/'><img loading=\"lazy\" decoding=\"async\" width=\"300\" height=\"200\" src=\"https:\/\/fondationaleo.ca\/wp-content\/uploads\/2020\/11\/defi808_HR_1943-300x200.jpg\" class=\"attachment-medium size-medium\" alt=\"\" srcset=\"https:\/\/fondationaleo.ca\/wp-content\/uploads\/2020\/11\/defi808_HR_1943-300x200.jpg 300w, https:\/\/fondationaleo.ca\/wp-content\/uploads\/2020\/11\/defi808_HR_1943-1024x683.jpg 1024w, https:\/\/fondationaleo.ca\/wp-content\/uploads\/2020\/11\/defi808_HR_1943-768x512.jpg 768w, https:\/\/fondationaleo.ca\/wp-content\/uploads\/2020\/11\/defi808_HR_1943-1536x1024.jpg 1536w, https:\/\/fondationaleo.ca\/wp-content\/uploads\/2020\/11\/defi808_HR_1943-2048x1365.jpg 2048w, https:\/\/fondationaleo.ca\/wp-content\/uploads\/2020\/11\/defi808_HR_1943-1080x720.jpg 1080w, https:\/\/fondationaleo.ca\/wp-content\/uploads\/2020\/11\/defi808_HR_1943-1280x854.jpg 1280w, https:\/\/fondationaleo.ca\/wp-content\/uploads\/2020\/11\/defi808_HR_1943-980x653.jpg 980w, https:\/\/fondationaleo.ca\/wp-content\/uploads\/2020\/11\/defi808_HR_1943-480x320.jpg 480w\" sizes=\"(max-width: 300px) 100vw, 300px\" \/><\/a>\n\t\t\t<\/dt><\/dl><dl class='gallery-item'>\n\t\t\t<dt class='gallery-icon landscape'>\n\t\t\t\t<a href='https:\/\/fondationaleo.ca\/en\/le-defi-808-bonneville-2020-amasse-500-000-au-profit-de-la-fondation-de-lathlete-dexcellence-et-nos-leaders-de-demain\/20200919_jf6_1974__jf_leclerc-3\/'><img loading=\"lazy\" decoding=\"async\" width=\"300\" height=\"200\" src=\"https:\/\/fondationaleo.ca\/wp-content\/uploads\/2020\/11\/20200919_JF6_1974__JF_LECLERC-1-300x200.jpg\" class=\"attachment-medium size-medium\" alt=\"\" \/><\/a>\n\t\t\t<\/dt><\/dl><br style=\"clear: both\" \/>\n\t\t<\/div>\n\n<\/div>\n<div><\/div>\n<div><\/div>\n<\/div>\n<\/div>\n<div class=\"col-md-4\">\n<div><\/div>\n<div><\/div>\n<\/div>","protected":false},"excerpt":{"rendered":"<p>Montr\u00e9al, le 24 novembre 2020 \u2013 Gr\u00e2ce \u00e0 la g\u00e9n\u00e9rosit\u00e9 et \u00e0 l\u2019engagement des participants et partenaires du D\u00e9fi 808 Bonneville 2020, la Fondation de l\u2019athl\u00e8te d\u2019excellence du Qu\u00e9bec (FAEQ) est heureuse d\u2019annoncer qu\u2019un montant de 500 000 $ a \u00e9t\u00e9 amass\u00e9 lors de la 4e \u00e9dition. Pr\u00e9sent\u00e9e par Fenplast et Lowe\u2019s Canada en collaboration [&hellip;]<\/p>\n","protected":false},"author":3,"featured_media":1484,"comment_status":"closed","ping_status":"closed","sticky":false,"template":"","format":"standard","meta":{"_et_pb_use_builder":"off","_et_pb_old_content":"","_et_gb_content_width":"","inline_featured_image":false,"footnotes":""},"categories":[4],"tags":[],"class_list":["post-198","post","type-post","status-publish","format-standard","has-post-thumbnail","hentry","category-evenements"],"_links":{"self":[{"href":"https:\/\/fondationaleo.ca\/en\/wp-json\/wp\/v2\/posts\/198","targetHints":{"allow":["GET"]}}],"collection":[{"href":"https:\/\/fondationaleo.ca\/en\/wp-json\/wp\/v2\/posts"}],"about":[{"href":"https:\/\/fondationaleo.ca\/en\/wp-json\/wp\/v2\/types\/post"}],"author":[{"embeddable":true,"href":"https:\/\/fondationaleo.ca\/en\/wp-json\/wp\/v2\/users\/3"}],"replies":[{"embeddable":true,"href":"https:\/\/fondationaleo.ca\/en\/wp-json\/wp\/v2\/comments?post=198"}],"version-history":[{"count":0,"href":"https:\/\/fondationaleo.ca\/en\/wp-json\/wp\/v2\/posts\/198\/revisions"}],"wp:featuredmedia":[{"embeddable":true,"href":"https:\/\/fondationaleo.ca\/en\/wp-json\/wp\/v2\/media\/1484"}],"wp:attachment":[{"href":"https:\/\/fondationaleo.ca\/en\/wp-json\/wp\/v2\/media?parent=198"}],"wp:term":[{"taxonomy":"category","embeddable":true,"href":"https:\/\/fondationaleo.ca\/en\/wp-json\/wp\/v2\/categories?post=198"},{"taxonomy":"post_tag","embeddable":true,"href":"https:\/\/fondationaleo.ca\/en\/wp-json\/wp\/v2\/tags?post=198"}],"curies":[{"name":"WP","href":"https:\/\/api.w.org\/{rel}","templated":true}]}}